{"id":493,"date":"2020-09-03T11:18:15","date_gmt":"2020-09-03T11:18:15","guid":{"rendered":"http:\/\/australia-austria.at\/?p=493"},"modified":"2022-12-15T13:05:18","modified_gmt":"2022-12-15T13:05:18","slug":"oeag-generalversammlung","status":"publish","type":"post","link":"http:\/\/www.austria-australia.at\/?p=493","title":{"rendered":"\u00d6AG-Generalversammlung"},"content":{"rendered":"<p>In dieser Woche fand unsere Generalversammlung statt. Eingangs gab unser Pr\u00e4sident Abg.z.NR Dr. Reinhold Lopatka einen \u00dcberblick \u00fcber die vielf\u00e4ltigen T\u00e4tigkeiten unserer Gesellschaft und dankte allen Mitwirkenden f\u00fcr ihr Engagement. Anschlie\u00dfend wurde der neue Vorstand gew\u00e4hlt: Abg.z.NR Dr. Reinhold Lopatka wurde als Pr\u00e4sident best\u00e4tigt, als Vizepr\u00e4sidenten fungieren Wolfgang Dobias und Hannes Taborsky. Die scheidende Generalsekret\u00e4rin Dr. Gabriele Weichart \u00fcbergab ihr Amt nach acht aktiven Jahren an DDipl.-Ing. Mag. Reinhard Fleck. Als Kassier wurde Dr. Gerhard Berka gew\u00e4hlt (Stellvertreter: Wolfgang Dobias). Schriftf\u00fchrerin ist Mag. Brenda Laky, PhD, als ihre Stellvertreterin fungiert DI Birgit Weber. Dar\u00fcber hinaus geh\u00f6ren Edith Grafl, MA und Franz Kornhoffer dem Vorstand an.<\/p>\n<p>Unsere Gesellschaft wurde 1968 als bilaterale, ehrenamtlich t\u00e4tige Vereinigung gegr\u00fcndet. Wir sind unter dem Dachverband \u201ePaN \u2013 Partner aller Nationen\u201c in einem Netzwerk von mehr als hundert \u00f6sterreichisch-ausl\u00e4ndischen Gesellschaften integriert und setzen uns f\u00fcr eine sehr gute Kooperation zwischen \u00d6sterreich und Australien ein. Mehr als 30.000 Menschen, die in Australien leben, haben \u00f6sterreichische Wurzeln.<\/p>\n<p><a href=\"http:\/\/www.austria-australia.at\/wp-content\/uploads\/2020\/09\/AG-GV2.jpg\" data-rel=\"lightbox-image-0\" data-rl_title=\"\" data-rl_caption=\"\" title=\"\"><img loading=\"lazy\" decoding=\"async\" class=\"alignnone wp-image-496 size-medium\" src=\"http:\/\/australia-austria.at\/wp-content\/uploads\/2020\/09\/\u00d6AG-GV2-300x214.jpg\" alt=\"\" width=\"300\" height=\"214\" \/><\/a><\/p>\n<p><a href=\"http:\/\/www.austria-australia.at\/wp-content\/uploads\/2020\/09\/AG-GV.jpg\" data-rel=\"lightbox-image-1\" data-rl_title=\"\" data-rl_caption=\"\" title=\"\"><img loading=\"lazy\" decoding=\"async\" class=\"alignnone wp-image-495 size-medium\" src=\"http:\/\/australia-austria.at\/wp-content\/uploads\/2020\/09\/\u00d6AG-GV-300x238.jpg\" alt=\"\" width=\"300\" height=\"238\" \/><\/a><\/p>\n<figure id=\"attachment_494\" aria-describedby=\"caption-attachment-494\" style=\"width: 300px\" class=\"wp-caption alignnone\"><a href=\"http:\/\/www.austria-australia.at\/wp-content\/uploads\/2020\/09\/AG-Vorstand.jpg\" data-rel=\"lightbox-image-2\" data-rl_title=\"\" data-rl_caption=\"\" title=\"\"><img loading=\"lazy\" decoding=\"async\" class=\"size-medium wp-image-494\" src=\"http:\/\/australia-austria.at\/wp-content\/uploads\/2020\/09\/\u00d6AG-Vorstand-300x195.jpg\" alt=\"\" width=\"300\" height=\"195\" \/><\/a><figcaption id=\"caption-attachment-494\" class=\"wp-caption-text\">Stehend v.l.n.r.: DI Birgit Weber, Dr. Gerhard Berka, Edith Grafl, MA, Wolfgang Dobias, Franz Kornhoffer.<br \/>Sitzend v.l.n.r.: DDipl.-Ing. Mag. Reinhard Fleck, Hannes Taborsky, Abg.z.NR Dr. Reinhold Lopatka, Dr. Gabriele Weichart.<\/figcaption><\/figure>\n<p>&nbsp;<\/p>\n<p>&nbsp;<\/p>\n","protected":false},"excerpt":{"rendered":"<p>In dieser Woche fand unsere Generalversammlung statt. Eingangs gab unser Pr\u00e4sident Abg.z.NR Dr. Reinhold Lopatka einen \u00dcberblick \u00fcber die vielf\u00e4ltigen T\u00e4tigkeiten unserer Gesellschaft und dankte allen Mitwirkenden f\u00fcr ihr Engagement. Anschlie\u00dfend wurde der neue Vorstand gew\u00e4hlt: Abg.z.NR Dr. Reinhold Lopatka wurde als Pr\u00e4sident best\u00e4tigt, als Vizepr\u00e4sidenten fungieren Wolfgang Dobias und Hannes Taborsky. Die scheidende Generalsekret\u00e4rin &#8230;<br \/><a class=\"read-more-link btn btn-outline-secondary\" href=\"http:\/\/www.austria-australia.at\/?p=493\">Weiter lesen<\/a><\/p>\n","protected":false},"author":1,"featured_media":494,"comment_status":"closed","ping_status":"closed","sticky":false,"template":"","format":"standard","meta":{"footnotes":""},"categories":[5],"tags":[],"_links":{"self":[{"href":"http:\/\/www.austria-australia.at\/index.php?rest_route=\/wp\/v2\/posts\/493"}],"collection":[{"href":"http:\/\/www.austria-australia.at\/index.php?rest_route=\/wp\/v2\/posts"}],"about":[{"href":"http:\/\/www.austria-australia.at\/index.php?rest_route=\/wp\/v2\/types\/post"}],"author":[{"embeddable":true,"href":"http:\/\/www.austria-australia.at\/index.php?rest_route=\/wp\/v2\/users\/1"}],"replies":[{"embeddable":true,"href":"http:\/\/www.austria-australia.at\/index.php?rest_route=%2Fwp%2Fv2%2Fcomments&post=493"}],"version-history":[{"count":2,"href":"http:\/\/www.austria-australia.at\/index.php?rest_route=\/wp\/v2\/posts\/493\/revisions"}],"predecessor-version":[{"id":568,"href":"http:\/\/www.austria-australia.at\/index.php?rest_route=\/wp\/v2\/posts\/493\/revisions\/568"}],"wp:featuredmedia":[{"embeddable":true,"href":"http:\/\/www.austria-australia.at\/index.php?rest_route=\/wp\/v2\/media\/494"}],"wp:attachment":[{"href":"http:\/\/www.austria-australia.at\/index.php?rest_route=%2Fwp%2Fv2%2Fmedia&parent=493"}],"wp:term":[{"taxonomy":"category","embeddable":true,"href":"http:\/\/www.austria-australia.at\/index.php?rest_route=%2Fwp%2Fv2%2Fcategories&post=493"},{"taxonomy":"post_tag","embeddable":true,"href":"http:\/\/www.austria-australia.at\/index.php?rest_route=%2Fwp%2Fv2%2Ftags&post=493"}],"curies":[{"name":"wp","href":"https:\/\/api.w.org\/{rel}","templated":true}]}}