{"id":429,"date":"2019-04-28T04:48:48","date_gmt":"2019-04-28T02:48:48","guid":{"rendered":"http:\/\/australia-austria.at\/?p=429"},"modified":"2019-04-28T04:48:48","modified_gmt":"2019-04-28T02:48:48","slug":"spezialfuehrung-flughafen-wien-schwechat","status":"publish","type":"post","link":"http:\/\/www.austria-australia.at\/?p=429","title":{"rendered":"Spezialf\u00fchrung Flughafen Wien-Schwechat"},"content":{"rendered":"<p>Am Dienstag, 28. Mai 2019 erhalten wir eine Spezialf\u00fchrung durch den Flughafen Wien-Schwechat! Treffpunkt ist um 16.30 Uhr im Besucherwelt Terminal.<\/p>\n<p>Es erwartet uns eine Busrundfahrt mit F\u00fchrung durch den Flughafenbereich, ein Besuch des gemeinsam mit Thomas Brezina gestalteten Erlebnisraums sowie eine Begr\u00fc\u00dfung durch Vorstandsdirektor Prof. Dr. G\u00fcnther Ofner und abschlie\u00dfend ein Empfang.<\/p>\n<p>Bitte beachten Sie, dass eine Sicherheitskontrolle wie bei einem Abflug durchgef\u00fchrt werden wird, d.h. es gelten die selben Vorschriften (z.B. Messer, spitze Gegenst\u00e4nde, Fl\u00fcssigkeiten usw. sind nicht erlaubt)!<\/p>\n<p>Anmeldung bitte bis 20.05.2019 bei Gabriele Weichart (gabriele.weichart@univie.ac.at)!<\/p>\n","protected":false},"excerpt":{"rendered":"<p>Am Dienstag, 28. Mai 2019 erhalten wir eine Spezialf\u00fchrung durch den Flughafen Wien-Schwechat! Treffpunkt ist um 16.30 Uhr im Besucherwelt Terminal. Es erwartet uns eine Busrundfahrt mit F\u00fchrung durch den Flughafenbereich, ein Besuch des gemeinsam mit Thomas Brezina gestalteten Erlebnisraums sowie eine Begr\u00fc\u00dfung durch Vorstandsdirektor Prof. Dr. G\u00fcnther Ofner und abschlie\u00dfend ein Empfang. Bitte beachten &#8230;<br \/><a class=\"read-more-link btn btn-outline-secondary\" href=\"http:\/\/www.austria-australia.at\/?p=429\">Weiter lesen<\/a><\/p>\n","protected":false},"author":1,"featured_media":430,"comment_status":"open","ping_status":"open","sticky":false,"template":"","format":"standard","meta":{"footnotes":""},"categories":[5],"tags":[],"_links":{"self":[{"href":"http:\/\/www.austria-australia.at\/index.php?rest_route=\/wp\/v2\/posts\/429"}],"collection":[{"href":"http:\/\/www.austria-australia.at\/index.php?rest_route=\/wp\/v2\/posts"}],"about":[{"href":"http:\/\/www.austria-australia.at\/index.php?rest_route=\/wp\/v2\/types\/post"}],"author":[{"embeddable":true,"href":"http:\/\/www.austria-australia.at\/index.php?rest_route=\/wp\/v2\/users\/1"}],"replies":[{"embeddable":true,"href":"http:\/\/www.austria-australia.at\/index.php?rest_route=%2Fwp%2Fv2%2Fcomments&post=429"}],"version-history":[{"count":0,"href":"http:\/\/www.austria-australia.at\/index.php?rest_route=\/wp\/v2\/posts\/429\/revisions"}],"wp:featuredmedia":[{"embeddable":true,"href":"http:\/\/www.austria-australia.at\/index.php?rest_route=\/wp\/v2\/media\/430"}],"wp:attachment":[{"href":"http:\/\/www.austria-australia.at\/index.php?rest_route=%2Fwp%2Fv2%2Fmedia&parent=429"}],"wp:term":[{"taxonomy":"category","embeddable":true,"href":"http:\/\/www.austria-australia.at\/index.php?rest_route=%2Fwp%2Fv2%2Fcategories&post=429"},{"taxonomy":"post_tag","embeddable":true,"href":"http:\/\/www.austria-australia.at\/index.php?rest_route=%2Fwp%2Fv2%2Ftags&post=429"}],"curies":[{"name":"wp","href":"https:\/\/api.w.org\/{rel}","templated":true}]}}