{"id":348,"date":"2018-07-31T11:39:06","date_gmt":"2018-07-31T09:39:06","guid":{"rendered":"http:\/\/australia-austria.at\/?p=348"},"modified":"2018-07-31T11:39:06","modified_gmt":"2018-07-31T09:39:06","slug":"symposion-austria-und-australia-eine-globale-beziehung-im-21-jahrhundert","status":"publish","type":"post","link":"http:\/\/www.austria-australia.at\/?p=348","title":{"rendered":"Symposion: Austria und Australia &#8211; eine globale Beziehung im 21. Jahrhundert"},"content":{"rendered":"<p align=\"JUSTIFY\">Zwei Jubil\u00e4en werden dieses Jahr gefeiert: 50 Jahre \u00d6sterreichisch-Australische Gesellschaft und 100 Jahre Republik \u00d6sterreich. In diesen 100 Jahren entwickelte \u00d6sterreich vielf\u00e4ltige Beziehungen zum fernen Australien, wobei die \u00d6AG ihren Beitrag zur Intensivierung leistete. Anl\u00e4sslich des Jubil\u00e4ums der \u00d6AG sollen die bisherigen Beziehungen zwischen den beiden L\u00e4ndern und die neuen Chancen der Zusammenarbeit im turbulenten wirtschaftspolitischen Umfeld des 21. Jahrhunderts beleuchtet werden. Die Themen Wirtschaftliche Kooperation, Innovation und \u00d6kologie stehen im Mittelpunkt dieser Veranstaltung.<\/p>\n<p align=\"CENTER\"><span style=\"font-size: large;\">Podium<\/span>:<\/p>\n<p align=\"JUSTIFY\"><span lang=\"de-AT\">Dr. Johann Sollgruber<\/span> (B\u00fcro der Europ\u00e4ischen Kommission in \u00d6sterreich)<br \/>\nDr. Brendon Hammer (Australischer Botschafter in Wien)<br \/>\nMMag. Dietmar Schwank (Regionalmanager Fernost\/Ozeanien WKO)<br \/>\nao. Univ.Prof. Dr. Hermann M\u00fcckler (Pr\u00e4sident des Dachverbandes PAN)<br \/>\nGabrielle Costigan MBA (CEO WeXelerate)<br \/>\nDr. Gerhard Berka (\u00d6AG)<\/p>\n<p align=\"JUSTIFY\">Moderation: Dr. Reinhold Lopatka (Pr\u00e4sident der \u00d6AG)<\/p>\n<p align=\"JUSTIFY\">Anschlie\u00dfend: Empfang (Get together)<\/p>\n<p align=\"CENTER\"><span style=\"font-size: large;\">Zeit und Ort:<\/span><\/p>\n<p align=\"JUSTIFY\">Wann: 11. Oktober 2018, 18 &#8211; 21 Uhr<\/p>\n<p align=\"JUSTIFY\">Wo: WeXelerate, Praterstrasse 1, 1020 Wien<\/p>\n<p align=\"CENTER\"><span style=\"font-size: large;\">Anmeldung: <\/span><\/p>\n<p align=\"CENTER\"><span style=\"color: #000080;\"><span lang=\"de-DE\"><u><a href=\"mailto:gerhard.berka@gmail.com\">gerhard.berka@gmail.com<\/a><\/u><\/span><\/span> oder +43 660 3149580 oder +61 416140492<\/p>\n<menu id=\"fcltHTML5Menu1\" type=\"context\"><\/menu>\n","protected":false},"excerpt":{"rendered":"<p>Zwei Jubil\u00e4en werden dieses Jahr gefeiert: 50 Jahre \u00d6sterreichisch-Australische Gesellschaft und 100 Jahre Republik \u00d6sterreich. In diesen 100 Jahren entwickelte \u00d6sterreich vielf\u00e4ltige Beziehungen zum fernen Australien, wobei die \u00d6AG ihren Beitrag zur Intensivierung leistete. Anl\u00e4sslich des Jubil\u00e4ums der \u00d6AG sollen die bisherigen Beziehungen zwischen den beiden L\u00e4ndern und die neuen Chancen der Zusammenarbeit im turbulenten &#8230;<br \/><a class=\"read-more-link btn btn-outline-secondary\" href=\"http:\/\/www.austria-australia.at\/?p=348\">Weiter lesen<\/a><\/p>\n","protected":false},"author":2,"featured_media":351,"comment_status":"open","ping_status":"open","sticky":false,"template":"","format":"standard","meta":{"footnotes":""},"categories":[6],"tags":[],"_links":{"self":[{"href":"http:\/\/www.austria-australia.at\/index.php?rest_route=\/wp\/v2\/posts\/348"}],"collection":[{"href":"http:\/\/www.austria-australia.at\/index.php?rest_route=\/wp\/v2\/posts"}],"about":[{"href":"http:\/\/www.austria-australia.at\/index.php?rest_route=\/wp\/v2\/types\/post"}],"author":[{"embeddable":true,"href":"http:\/\/www.austria-australia.at\/index.php?rest_route=\/wp\/v2\/users\/2"}],"replies":[{"embeddable":true,"href":"http:\/\/www.austria-australia.at\/index.php?rest_route=%2Fwp%2Fv2%2Fcomments&post=348"}],"version-history":[{"count":0,"href":"http:\/\/www.austria-australia.at\/index.php?rest_route=\/wp\/v2\/posts\/348\/revisions"}],"wp:featuredmedia":[{"embeddable":true,"href":"http:\/\/www.austria-australia.at\/index.php?rest_route=\/wp\/v2\/media\/351"}],"wp:attachment":[{"href":"http:\/\/www.austria-australia.at\/index.php?rest_route=%2Fwp%2Fv2%2Fmedia&parent=348"}],"wp:term":[{"taxonomy":"category","embeddable":true,"href":"http:\/\/www.austria-australia.at\/index.php?rest_route=%2Fwp%2Fv2%2Fcategories&post=348"},{"taxonomy":"post_tag","embeddable":true,"href":"http:\/\/www.austria-australia.at\/index.php?rest_route=%2Fwp%2Fv2%2Ftags&post=348"}],"curies":[{"name":"wp","href":"https:\/\/api.w.org\/{rel}","templated":true}]}}